{"id":14,"date":"2015-04-02T20:34:07","date_gmt":"2015-04-02T20:34:07","guid":{"rendered":"http:\/\/rajdmaczka.pl\/?p=14"},"modified":"2024-02-28T21:34:57","modified_gmt":"2024-02-28T21:34:57","slug":"i-rajd","status":"publish","type":"post","link":"https:\/\/rajdmaczka.pl\/?p=14","title":{"rendered":"I Rajd czyli jak to si\u0119 zacz\u0119\u0142o &#8230;"},"content":{"rendered":"<p>Pierwsza Polska Dywizja Pancerna pod dow\u00f3dztwem gen. Stanis\u0142awa Maczka zapisa\u0142a pi\u0119kn\u0105, zwyci\u0119sk\u0105 kart\u0119 w historii polskiego or\u0119\u017ca. Czyny &#8222;Maczkowc\u00f3w&#8221; jak r\u00f3wnie\u017c ich dow\u00f3dcy by\u0142y przez wiele lat skazane na zapomnienie. W\u0142adze komunistyczne pozbawi\u0142y genera\u0142a Maczka obywatelstwa PRL. Zmar\u0142 na obczy\u017anie wielokrotnie uhonorowany przez miasta i kraje, kt\u00f3re wyzwala\u0142. Stowarzyszenie Motocyklist\u00f3w PATRIA ju\u017c od 2007 roku aktywnie w\u0142\u0105czy\u0142o si\u0119 w popularyzowanie wiedzy na temat tej elitarnej jednostki. Nie jeste\u015bmy bynajmniej osamotnieni. Przez ostatnich kilka lat dane nam by\u0142o pozna\u0107 wielu patriot\u00f3w, dzi\u0119ki kt\u00f3rym polscy pancerniacy \u017cy\u0107 b\u0119d\u0105 wiecznie w naszej \u015bwiadomo\u015bci narodowej (np: Beskidzkie Stowarzyszenie Maczkowc\u00f3w, Stow. Pami\u0119ci 10 PSK, dow\u00f3dcy i \u017co\u0142nierze 11 Lubuskiej Dywizji Pancernej etc) . Pomys\u0142odawc\u0105 rajd\u00f3w motocyklowych wiod\u0105cych &#8222;\u015bladami czo\u0142gowych g\u0105sienic&#8221; jest syn jednego z \u017co\u0142nierzy dywizji. Wojtek Krupa od wczesnych lat m\u0142odzie\u0144czych marzy\u0142 aby przejecha\u0107 szlak bojowy od Arromanches do Wilhelmshaven. Plany te by\u0142y bardzo ambitne poniewa\u017c \u015brodkiem transportu mia\u0142 by\u0107 motorower Jawa z przyczepk\u0105. W\u00f3wczas przekroczenie \u017celaznej kurtyny okaza\u0142o si\u0119 niemo\u017cliwe. Dopiero w 2007 roku uda\u0142o si\u0119 zrealizowa\u0107 pomys\u0142 I Rajdu &#8222;Sladami G\u0105sienic Pierwszej Pancernej&#8221;. By\u0142 to wyjazd rekonesansowy w gronie 12 osobowym na 9 motocyklach &#8211; jak\u017ce jednak niezapomniany. Po kilkunastu latach mamy za sob\u0105 wiele przejechanych kilometr\u00f3w \u015bladami gen. Maczka. Jeste\u015bmy obecni na wielu uroczysto\u015bciach patriotycznych nie tylko zwi\u0105zanych z \u017co\u0142nierzami jednostek pancernych. Organizujemy rajdy \u015bladami pu\u0142kownika Maczka z okresu wojny obronnej 1939 roku. Jeste\u015bmy obecni na uroczysto\u015bciach ku czci \u017co\u0142nierzy niez\u0142omnych. Wielu z nas jest r\u00f3wnie\u017c wielokrotnymi uczestnikami Rajd\u00f3w Katy\u0144skich. Kochamy Kresy i wszystko co polskie, szlachetne. Motocykle daj\u0105 nam mo\u017cliwo\u015b\u0107 manifestowania naszego patriotyzmu i rozwoju \u015bwiadomo\u015bci historycznej oraz narodowej.<\/p>\n","protected":false},"excerpt":{"rendered":"<p>Pierwsza Polska Dywizja Pancerna pod dow\u00f3dztwem gen. Stanis\u0142awa Maczka zapisa\u0142a pi\u0119kn\u0105, zwyci\u0119sk\u0105 kart\u0119 w historii polskiego or\u0119\u017ca. Czyny &#8222;Maczkowc\u00f3w&#8221; jak [&hellip;]<\/p>\n","protected":false},"author":1,"featured_media":0,"comment_status":"closed","ping_status":"closed","sticky":false,"template":"","format":"standard","meta":[],"categories":[3],"tags":[8,10,9,11,13,7,12,14],"_links":{"self":[{"href":"https:\/\/rajdmaczka.pl\/index.php?rest_route=\/wp\/v2\/posts\/14"}],"collection":[{"href":"https:\/\/rajdmaczka.pl\/index.php?rest_route=\/wp\/v2\/posts"}],"about":[{"href":"https:\/\/rajdmaczka.pl\/index.php?rest_route=\/wp\/v2\/types\/post"}],"author":[{"embeddable":true,"href":"https:\/\/rajdmaczka.pl\/index.php?rest_route=\/wp\/v2\/users\/1"}],"replies":[{"embeddable":true,"href":"https:\/\/rajdmaczka.pl\/index.php?rest_route=%2Fwp%2Fv2%2Fcomments&post=14"}],"version-history":[{"count":2,"href":"https:\/\/rajdmaczka.pl\/index.php?rest_route=\/wp\/v2\/posts\/14\/revisions"}],"predecessor-version":[{"id":141,"href":"https:\/\/rajdmaczka.pl\/index.php?rest_route=\/wp\/v2\/posts\/14\/revisions\/141"}],"wp:attachment":[{"href":"https:\/\/rajdmaczka.pl\/index.php?rest_route=%2Fwp%2Fv2%2Fmedia&parent=14"}],"wp:term":[{"taxonomy":"category","embeddable":true,"href":"https:\/\/rajdmaczka.pl\/index.php?rest_route=%2Fwp%2Fv2%2Fcategories&post=14"},{"taxonomy":"post_tag","embeddable":true,"href":"https:\/\/rajdmaczka.pl\/index.php?rest_route=%2Fwp%2Fv2%2Ftags&post=14"}],"curies":[{"name":"wp","href":"https:\/\/api.w.org\/{rel}","templated":true}]}}